{"id":2551,"date":"2025-01-23T12:45:43","date_gmt":"2025-01-23T11:45:43","guid":{"rendered":"https:\/\/airmarini.com\/reisemagazin\/?p=2551"},"modified":"2025-01-31T15:28:48","modified_gmt":"2025-01-31T14:28:48","slug":"urlaub-auf-kreta-ein-strandurlaub-mit-kultur","status":"publish","type":"post","link":"https:\/\/airmarini.com\/reisemagazin\/urlaub\/griechenland\/urlaub-auf-kreta-ein-strandurlaub-mit-kultur\/","title":{"rendered":"Urlaub auf Kreta ein Strandurlaub mit Kultur"},"content":{"rendered":"<p><div class=\"fusion-fullwidth fullwidth-box fusion-builder-row-1 fusion-flex-container has-pattern-background has-mask-background nonhundred-percent-fullwidth non-hundred-percent-height-scrolling\" style=\"--awb-border-radius-top-left:0px;--awb-border-radius-top-right:0px;--awb-border-radius-bottom-right:0px;--awb-border-radius-bottom-left:0px;--awb-padding-top:0px;--awb-padding-right:20px;--awb-padding-bottom:0px;--awb-padding-left:20px;--awb-flex-wrap:wrap;\" ><div class=\"fusion-builder-row fusion-row fusion-flex-align-items-flex-start fusion-flex-content-wrap\" style=\"max-width:1291.5px;margin-left: calc(-5% \/ 2 );margin-right: calc(-5% \/ 2 );\"><div class=\"fusion-layout-column fusion_builder_column fusion-builder-column-0 fusion_builder_column_1_1 1_1 fusion-flex-column\" style=\"--awb-bg-size:cover;--awb-width-large:100%;--awb-margin-top-large:0px;--awb-spacing-right-large:0px;--awb-margin-bottom-large:0px;--awb-spacing-left-large:0px;--awb-width-medium:100%;--awb-order-medium:0;--awb-spacing-right-medium:0px;--awb-spacing-left-medium:0px;--awb-width-small:100%;--awb-order-small:0;--awb-spacing-right-small:2.375%;--awb-spacing-left-small:2.375%;\" data-scroll-devices=\"small-visibility,medium-visibility,large-visibility\"><div class=\"fusion-column-wrapper fusion-column-has-shadow fusion-flex-justify-content-flex-start fusion-content-layout-column\"><div class=\"fusion-title title fusion-title-1 fusion-sep-none fusion-title-text fusion-title-size-four\" style=\"--awb-margin-top:-30px;--awb-margin-bottom:-10px;\"><h4 class=\"fusion-title-heading title-heading-left\" style=\"margin:0;\"><h4 data-pm-slice=\"1 1 &#091;&#093;\"><strong>Entdecke Kreta mit airmarini.com: Dein Tor zu Sonne, Kultur und Abenteuer<\/strong><\/h4><\/h4><\/div><div class=\"fusion-text fusion-text-1\"><p data-pm-slice=\"1 1 &#091;&#093;\">Kreta \u2013 die gr\u00f6\u00dfte Insel Griechenlands und ein Ort, an dem Geschichte, Kultur und nat\u00fcrliche Sch\u00f6nheit aufeinandertreffen. Die Insel ist ein wahres Paradies f\u00fcr Reisende, die eine perfekte Mischung aus Erholung, Abenteuer und kultureller Entdeckung suchen. Mit ihrer langen Geschichte, die bis zur minoischen Zivilisation zur\u00fcckreicht, ist Kreta ein Landstrich voller Mythen und Legenden. Gleichzeitig besticht sie durch eine beeindruckende Naturvielfalt: Von den goldenen Str\u00e4nden im Westen bis hin zu den zerkl\u00fcfteten Bergregionen und Schluchten im Landesinneren bietet die Insel eine schier endlose Vielfalt an Eindr\u00fccken.<\/p>\n<p>Diese magische Mischung machte meinen Urlaub auf Kreta zu einem unvergesslichen Erlebnis. Mit der einfachen Planung \u00fcber airmarini.com war es ein Leichtes, meine Reise individuell zu gestalten. Die Plattform bot eine gro\u00dfe Auswahl an Fl\u00fcgen, Unterk\u00fcnften und Erlebnissen, sodass ich meine Traumroute schnell zusammenstellen konnte. Egal, ob es die historischen Sch\u00e4tze von Knossos, die malerischen D\u00f6rfer wie Archanes oder die weltber\u00fchmten Str\u00e4nde von Elafonissi waren \u2013 Kreta bot mir alles, was ich mir w\u00fcnschen konnte.<\/p>\n<p>Die Menschen auf Kreta trugen ebenfalls dazu bei, dass meine Reise etwas Besonderes wurde. Ihre herzliche Gastfreundschaft und die stolze Bewahrung ihrer Traditionen sorgten daf\u00fcr, dass ich mich vom ersten Moment an willkommen f\u00fchlte. Ob bei einem gemeinsamen Raki in einem Bergdorf oder w\u00e4hrend einer kulinarischen Reise durch die kretische K\u00fcche \u2013 jeder Moment auf Kreta war voller Authentizit\u00e4t und Freude. Diese einzigartige Kombination aus Landschaft, Geschichte und Kultur macht Kreta zu einem unvergleichlichen Reiseziel.<\/p>\n<\/div><div class=\"fusion-title title fusion-title-2 fusion-sep-none fusion-title-text fusion-title-size-four\" style=\"--awb-margin-top:20px;--awb-margin-bottom:0px;--awb-margin-top-small:50px;\"><h4 class=\"fusion-title-heading title-heading-left\" style=\"margin:0;\"><h4 data-pm-slice=\"1 1 &#091;&#093;\"><strong>Die Planung: Mit airmarini.com zur perfekten Reise<\/strong><\/h4><\/h4><\/div><div class=\"fusion-image-element \" style=\"--awb-caption-title-font-family:var(--h2_typography-font-family);--awb-caption-title-font-weight:var(--h2_typography-font-weight);--awb-caption-title-font-style:var(--h2_typography-font-style);--awb-caption-title-size:var(--h2_typography-font-size);--awb-caption-title-transform:var(--h2_typography-text-transform);--awb-caption-title-line-height:var(--h2_typography-line-height);--awb-caption-title-letter-spacing:var(--h2_typography-letter-spacing);\"><span class=\" fusion-imageframe imageframe-none imageframe-1 hover-type-none\"><img decoding=\"async\" width=\"1000\" height=\"666\" alt=\"Kreta\" title=\"Kreta\" src=\"https:\/\/airmarini.com\/reisemagazin\/wp-content\/uploads\/2025\/01\/Kreta.jpg\" data-orig-src=\"https:\/\/airmarini.com\/reisemagazin\/wp-content\/uploads\/2025\/01\/Kreta.jpg\" class=\"lazyload img-responsive wp-image-2556\" srcset=\"data:image\/svg+xml,%3Csvg%20xmlns%3D%27http%3A%2F%2Fwww.w3.org%2F2000%2Fsvg%27%20width%3D%271000%27%20height%3D%27666%27%20viewBox%3D%270%200%201000%20666%27%3E%3Crect%20width%3D%271000%27%20height%3D%27666%27%20fill-opacity%3D%220%22%2F%3E%3C%2Fsvg%3E\" data-srcset=\"https:\/\/airmarini.com\/reisemagazin\/wp-content\/uploads\/2025\/01\/Kreta-200x133.jpg 200w, https:\/\/airmarini.com\/reisemagazin\/wp-content\/uploads\/2025\/01\/Kreta-400x266.jpg 400w, https:\/\/airmarini.com\/reisemagazin\/wp-content\/uploads\/2025\/01\/Kreta-600x400.jpg 600w, https:\/\/airmarini.com\/reisemagazin\/wp-content\/uploads\/2025\/01\/Kreta-800x533.jpg 800w, https:\/\/airmarini.com\/reisemagazin\/wp-content\/uploads\/2025\/01\/Kreta.jpg 1000w\" data-sizes=\"auto\" data-orig-sizes=\"(max-width: 800px) 100vw, 1000px\" \/><\/span><\/div><div class=\"fusion-text fusion-text-2\"><p data-pm-slice=\"1 1 &#091;&#093;\">Die Vielfalt Kretas macht die Reiseplanung zu einem Vergn\u00fcgen. Dank der benutzerfreundlichen Plattform von airmarini.com konnte ich meine Reise ganz individuell gestalten. Von Fl\u00fcgen und Unterk\u00fcnften bis hin zu gef\u00fchrten Touren und Mietwagen \u2013 alles war flexibel kombinierbar. Ich entschied mich f\u00fcr eine Rundreise, die von den historischen St\u00e4tten Knossos und Heraklion \u00fcber die Str\u00e4nde von Elafonissi und Balos bis hin zu den beeindruckenden Schluchten und Bergd\u00f6rfern im Landesinneren f\u00fchrte.<\/p>\n<\/div><div class=\"fusion-title title fusion-title-3 fusion-sep-none fusion-title-text fusion-title-size-four\" style=\"--awb-margin-top:20px;--awb-margin-top-small:50px;\"><h4 class=\"fusion-title-heading title-heading-left\" style=\"margin:0;\"><h4 data-pm-slice=\"1 1 &#091;&#093;\"><strong>Heraklion und Knossos: Ein Blick in die Antike<\/strong><\/h4><\/h4><\/div><div class=\"fusion-image-element \" style=\"--awb-caption-title-font-family:var(--h2_typography-font-family);--awb-caption-title-font-weight:var(--h2_typography-font-weight);--awb-caption-title-font-style:var(--h2_typography-font-style);--awb-caption-title-size:var(--h2_typography-font-size);--awb-caption-title-transform:var(--h2_typography-text-transform);--awb-caption-title-line-height:var(--h2_typography-line-height);--awb-caption-title-letter-spacing:var(--h2_typography-letter-spacing);\"><span class=\" fusion-imageframe imageframe-none imageframe-2 hover-type-none\"><img decoding=\"async\" width=\"1000\" height=\"666\" alt=\"Heraklion\" title=\"Heraklion\" src=\"https:\/\/airmarini.com\/reisemagazin\/wp-content\/uploads\/2025\/01\/Heraklion.jpg\" data-orig-src=\"https:\/\/airmarini.com\/reisemagazin\/wp-content\/uploads\/2025\/01\/Heraklion.jpg\" class=\"lazyload img-responsive wp-image-2557\" srcset=\"data:image\/svg+xml,%3Csvg%20xmlns%3D%27http%3A%2F%2Fwww.w3.org%2F2000%2Fsvg%27%20width%3D%271000%27%20height%3D%27666%27%20viewBox%3D%270%200%201000%20666%27%3E%3Crect%20width%3D%271000%27%20height%3D%27666%27%20fill-opacity%3D%220%22%2F%3E%3C%2Fsvg%3E\" data-srcset=\"https:\/\/airmarini.com\/reisemagazin\/wp-content\/uploads\/2025\/01\/Heraklion-200x133.jpg 200w, https:\/\/airmarini.com\/reisemagazin\/wp-content\/uploads\/2025\/01\/Heraklion-400x266.jpg 400w, https:\/\/airmarini.com\/reisemagazin\/wp-content\/uploads\/2025\/01\/Heraklion-600x400.jpg 600w, https:\/\/airmarini.com\/reisemagazin\/wp-content\/uploads\/2025\/01\/Heraklion-800x533.jpg 800w, https:\/\/airmarini.com\/reisemagazin\/wp-content\/uploads\/2025\/01\/Heraklion.jpg 1000w\" data-sizes=\"auto\" data-orig-sizes=\"(max-width: 800px) 100vw, 1000px\" \/><\/span><\/div><div class=\"fusion-text fusion-text-3\"><p data-pm-slice=\"1 1 &#091;&#093;\">Meine Reise begann in Heraklion, der Hauptstadt Kretas. Diese lebhafte Stadt bietet eine perfekte Mischung aus Geschichte und modernem Leben. Mein erster Stopp war das Arch\u00e4ologische Museum von Heraklion, das eine der bedeutendsten Sammlungen minoischer Kunst weltweit beherbergt. Hier bewunderte ich Artefakte wie die ber\u00fchmte Scheibe von Phaistos und die detailreichen Fresken, die das Leben der minoischen Kultur darstellen.<\/p>\n<p>Nicht weit von Heraklion entfernt liegt der Palast von Knossos, eine der ber\u00fchmtesten arch\u00e4ologischen St\u00e4tten Griechenlands. Der Palast, der als Zentrum der minoischen Zivilisation gilt, beeindruckte mich mit seinen gut erhaltenen Fresken, komplexen Bauweisen und der Legende des Minotaurus. Ein Spaziergang durch die Ruinen war wie eine Reise in die Vergangenheit.<\/p>\n<\/div><div class=\"fusion-title title fusion-title-4 fusion-sep-none fusion-title-text fusion-title-size-four\" style=\"--awb-margin-bottom:-10px;--awb-margin-top-small:30px;\"><h4 class=\"fusion-title-heading title-heading-left\" style=\"margin:0;\"><h4 data-pm-slice=\"1 1 &#091;&#093;\"><strong>Die Str\u00e4nde von Kreta: Paradiese am Mittelmeer<\/strong><\/h4><\/h4><\/div><div class=\"fusion-image-element \" style=\"--awb-caption-title-font-family:var(--h2_typography-font-family);--awb-caption-title-font-weight:var(--h2_typography-font-weight);--awb-caption-title-font-style:var(--h2_typography-font-style);--awb-caption-title-size:var(--h2_typography-font-size);--awb-caption-title-transform:var(--h2_typography-text-transform);--awb-caption-title-line-height:var(--h2_typography-line-height);--awb-caption-title-letter-spacing:var(--h2_typography-letter-spacing);\"><span class=\" fusion-imageframe imageframe-none imageframe-3 hover-type-none\"><img decoding=\"async\" width=\"1000\" height=\"589\" alt=\"Str\u00e4nde Kreta\" title=\"Str\u00e4nde Kreta\" src=\"https:\/\/airmarini.com\/reisemagazin\/wp-content\/uploads\/2025\/01\/Straende-Kreta.jpg\" data-orig-src=\"https:\/\/airmarini.com\/reisemagazin\/wp-content\/uploads\/2025\/01\/Straende-Kreta.jpg\" class=\"lazyload img-responsive wp-image-2554\" srcset=\"data:image\/svg+xml,%3Csvg%20xmlns%3D%27http%3A%2F%2Fwww.w3.org%2F2000%2Fsvg%27%20width%3D%271000%27%20height%3D%27589%27%20viewBox%3D%270%200%201000%20589%27%3E%3Crect%20width%3D%271000%27%20height%3D%27589%27%20fill-opacity%3D%220%22%2F%3E%3C%2Fsvg%3E\" data-srcset=\"https:\/\/airmarini.com\/reisemagazin\/wp-content\/uploads\/2025\/01\/Straende-Kreta-200x118.jpg 200w, https:\/\/airmarini.com\/reisemagazin\/wp-content\/uploads\/2025\/01\/Straende-Kreta-400x236.jpg 400w, https:\/\/airmarini.com\/reisemagazin\/wp-content\/uploads\/2025\/01\/Straende-Kreta-600x353.jpg 600w, https:\/\/airmarini.com\/reisemagazin\/wp-content\/uploads\/2025\/01\/Straende-Kreta-800x471.jpg 800w, https:\/\/airmarini.com\/reisemagazin\/wp-content\/uploads\/2025\/01\/Straende-Kreta.jpg 1000w\" data-sizes=\"auto\" data-orig-sizes=\"(max-width: 800px) 100vw, 1000px\" \/><\/span><\/div><div class=\"fusion-text fusion-text-4\"><p data-pm-slice=\"1 1 &#091;&#093;\">Kreta ist bekannt f\u00fcr einige der sch\u00f6nsten Str\u00e4nde Europas. Einer meiner Favoriten war der Strand von Elafonissi, dessen rosa schimmernder Sand und kristallklares Wasser wie aus einem Traum wirkten. Hier verbrachte ich Stunden mit Schwimmen, Sonnenbaden und dem Erkunden der kleinen Lagunen.<\/p>\n<p>Ein weiteres Highlight war die Lagune von Balos, die nur per Boot oder nach einer Wanderung erreichbar ist. Die Aussicht von oben auf die Lagune war atemberaubend, und das Baden in dem t\u00fcrkisfarbenen Wasser war ein unvergessliches Erlebnis. Auch der Strand von Vai, bekannt f\u00fcr seinen Palmenwald, bot eine einzigartige Kulisse, die ich so noch nie gesehen hatte.<\/p>\n<\/div><div class=\"fusion-title title fusion-title-5 fusion-sep-none fusion-title-text fusion-title-size-four\" style=\"--awb-margin-bottom:-10px;--awb-margin-top-small:30px;\"><h4 class=\"fusion-title-heading title-heading-left\" style=\"margin:0;\"><h4 data-pm-slice=\"1 1 &#091;&#093;\"><strong>Die Samaria-Schlucht: Natur und Abenteuer<\/strong><\/h4><\/h4><\/div><div class=\"fusion-image-element \" style=\"--awb-caption-title-font-family:var(--h2_typography-font-family);--awb-caption-title-font-weight:var(--h2_typography-font-weight);--awb-caption-title-font-style:var(--h2_typography-font-style);--awb-caption-title-size:var(--h2_typography-font-size);--awb-caption-title-transform:var(--h2_typography-text-transform);--awb-caption-title-line-height:var(--h2_typography-line-height);--awb-caption-title-letter-spacing:var(--h2_typography-letter-spacing);\"><span class=\" fusion-imageframe imageframe-none imageframe-4 hover-type-none\"><img decoding=\"async\" width=\"1000\" height=\"667\" alt=\"Samaria Schlucht\" title=\"Samaria Schlucht\" src=\"https:\/\/airmarini.com\/reisemagazin\/wp-content\/uploads\/2025\/01\/Samaria-Schlucht.jpg\" data-orig-src=\"https:\/\/airmarini.com\/reisemagazin\/wp-content\/uploads\/2025\/01\/Samaria-Schlucht.jpg\" class=\"lazyload img-responsive wp-image-2558\" srcset=\"data:image\/svg+xml,%3Csvg%20xmlns%3D%27http%3A%2F%2Fwww.w3.org%2F2000%2Fsvg%27%20width%3D%271000%27%20height%3D%27667%27%20viewBox%3D%270%200%201000%20667%27%3E%3Crect%20width%3D%271000%27%20height%3D%27667%27%20fill-opacity%3D%220%22%2F%3E%3C%2Fsvg%3E\" data-srcset=\"https:\/\/airmarini.com\/reisemagazin\/wp-content\/uploads\/2025\/01\/Samaria-Schlucht-200x133.jpg 200w, https:\/\/airmarini.com\/reisemagazin\/wp-content\/uploads\/2025\/01\/Samaria-Schlucht-400x267.jpg 400w, https:\/\/airmarini.com\/reisemagazin\/wp-content\/uploads\/2025\/01\/Samaria-Schlucht-600x400.jpg 600w, https:\/\/airmarini.com\/reisemagazin\/wp-content\/uploads\/2025\/01\/Samaria-Schlucht-800x534.jpg 800w, https:\/\/airmarini.com\/reisemagazin\/wp-content\/uploads\/2025\/01\/Samaria-Schlucht.jpg 1000w\" data-sizes=\"auto\" data-orig-sizes=\"(max-width: 800px) 100vw, 1000px\" \/><\/span><\/div><div class=\"fusion-text fusion-text-5\"><p data-pm-slice=\"1 1 &#091;&#093;\">Ein absolutes Muss f\u00fcr Naturliebhaber ist die Wanderung durch die Samaria-Schlucht, eine der l\u00e4ngsten Schluchten Europas. Die 16 Kilometer lange Wanderung f\u00fchrte mich durch beeindruckende Felsformationen, schattige W\u00e4lder und kleine B\u00e4che. Die enge Passage namens &#8222;Eiserne Pforte&#8220; war ein Highlight und belohnte mit einer spektakul\u00e4ren Aussicht.<\/p>\n<p>Am Ende der Schlucht erreichte ich das Dorf Agia Roumeli, wo ich mich mit einem Sprung ins Meer erfrischen konnte. Die Wanderung war zwar anstrengend, aber die beeindruckende Natur machte jede Anstrengung mehr als wett.<\/p>\n<\/div><div class=\"fusion-title title fusion-title-6 fusion-sep-none fusion-title-text fusion-title-size-four\" style=\"--awb-margin-top-small:30px;\"><h4 class=\"fusion-title-heading title-heading-left\" style=\"margin:0;\"><h4 data-pm-slice=\"1 1 &#091;&#093;\"><strong>Chania und Rethymno: Charmante Altst\u00e4dte<\/strong><\/h4><\/h4><\/div><div class=\"fusion-image-element \" style=\"--awb-caption-title-font-family:var(--h2_typography-font-family);--awb-caption-title-font-weight:var(--h2_typography-font-weight);--awb-caption-title-font-style:var(--h2_typography-font-style);--awb-caption-title-size:var(--h2_typography-font-size);--awb-caption-title-transform:var(--h2_typography-text-transform);--awb-caption-title-line-height:var(--h2_typography-line-height);--awb-caption-title-letter-spacing:var(--h2_typography-letter-spacing);\"><span class=\" fusion-imageframe imageframe-none imageframe-5 hover-type-none\"><img decoding=\"async\" width=\"1000\" height=\"668\" alt=\"Chania\" title=\"Chania\" src=\"https:\/\/airmarini.com\/reisemagazin\/wp-content\/uploads\/2025\/01\/Chania.jpg\" data-orig-src=\"https:\/\/airmarini.com\/reisemagazin\/wp-content\/uploads\/2025\/01\/Chania.jpg\" class=\"lazyload img-responsive wp-image-2559\" srcset=\"data:image\/svg+xml,%3Csvg%20xmlns%3D%27http%3A%2F%2Fwww.w3.org%2F2000%2Fsvg%27%20width%3D%271000%27%20height%3D%27668%27%20viewBox%3D%270%200%201000%20668%27%3E%3Crect%20width%3D%271000%27%20height%3D%27668%27%20fill-opacity%3D%220%22%2F%3E%3C%2Fsvg%3E\" data-srcset=\"https:\/\/airmarini.com\/reisemagazin\/wp-content\/uploads\/2025\/01\/Chania-200x134.jpg 200w, https:\/\/airmarini.com\/reisemagazin\/wp-content\/uploads\/2025\/01\/Chania-400x267.jpg 400w, https:\/\/airmarini.com\/reisemagazin\/wp-content\/uploads\/2025\/01\/Chania-600x401.jpg 600w, https:\/\/airmarini.com\/reisemagazin\/wp-content\/uploads\/2025\/01\/Chania-800x534.jpg 800w, https:\/\/airmarini.com\/reisemagazin\/wp-content\/uploads\/2025\/01\/Chania.jpg 1000w\" data-sizes=\"auto\" data-orig-sizes=\"(max-width: 800px) 100vw, 1000px\" \/><\/span><\/div><div class=\"fusion-text fusion-text-6\"><p data-pm-slice=\"1 1 &#091;&#093;\">Die Altstadt von Chania, mit ihren venezianischen H\u00e4fen und engen Gassen, ist ein Ort voller Charme. Ich verbrachte Stunden damit, durch die Stra\u00dfen zu schlendern, in kleinen Boutiquen zu shoppen und die traditionelle kretische K\u00fcche zu genie\u00dfen. Besonders beeindruckend war der Leuchtturm von Chania, der bei Sonnenuntergang eine magische Atmosph\u00e4re ausstrahlte.<\/p>\n<p>Rethymno, eine weitere historische Stadt, faszinierte mich mit ihrer Mischung aus venezianischer und osmanischer Architektur. Die Festung von Rethymno bot nicht nur einen Blick in die Geschichte, sondern auch eine fantastische Aussicht auf das Meer.<\/p>\n<\/div><div class=\"fusion-title title fusion-title-7 fusion-sep-none fusion-title-text fusion-title-size-four\" style=\"--awb-margin-top-small:30px;\"><h4 class=\"fusion-title-heading title-heading-left\" style=\"margin:0;\"><h4 data-pm-slice=\"1 1 &#091;&#093;\"><strong>Kretische K\u00fcche: Ein Fest f\u00fcr die Sinne<\/strong><\/h4><\/h4><\/div><div class=\"fusion-image-element \" style=\"--awb-caption-title-font-family:var(--h2_typography-font-family);--awb-caption-title-font-weight:var(--h2_typography-font-weight);--awb-caption-title-font-style:var(--h2_typography-font-style);--awb-caption-title-size:var(--h2_typography-font-size);--awb-caption-title-transform:var(--h2_typography-text-transform);--awb-caption-title-line-height:var(--h2_typography-line-height);--awb-caption-title-letter-spacing:var(--h2_typography-letter-spacing);\"><span class=\" fusion-imageframe imageframe-none imageframe-6 hover-type-none\"><img decoding=\"async\" width=\"1000\" height=\"750\" alt=\"Kretische K\u00fcche\" title=\"Kretische K\u00fcche\" src=\"https:\/\/airmarini.com\/reisemagazin\/wp-content\/uploads\/2025\/01\/Kretische-Kueche.jpg\" data-orig-src=\"https:\/\/airmarini.com\/reisemagazin\/wp-content\/uploads\/2025\/01\/Kretische-Kueche.jpg\" class=\"lazyload img-responsive wp-image-2560\" srcset=\"data:image\/svg+xml,%3Csvg%20xmlns%3D%27http%3A%2F%2Fwww.w3.org%2F2000%2Fsvg%27%20width%3D%271000%27%20height%3D%27750%27%20viewBox%3D%270%200%201000%20750%27%3E%3Crect%20width%3D%271000%27%20height%3D%27750%27%20fill-opacity%3D%220%22%2F%3E%3C%2Fsvg%3E\" data-srcset=\"https:\/\/airmarini.com\/reisemagazin\/wp-content\/uploads\/2025\/01\/Kretische-Kueche-200x150.jpg 200w, https:\/\/airmarini.com\/reisemagazin\/wp-content\/uploads\/2025\/01\/Kretische-Kueche-400x300.jpg 400w, https:\/\/airmarini.com\/reisemagazin\/wp-content\/uploads\/2025\/01\/Kretische-Kueche-600x450.jpg 600w, https:\/\/airmarini.com\/reisemagazin\/wp-content\/uploads\/2025\/01\/Kretische-Kueche-800x600.jpg 800w, https:\/\/airmarini.com\/reisemagazin\/wp-content\/uploads\/2025\/01\/Kretische-Kueche.jpg 1000w\" data-sizes=\"auto\" data-orig-sizes=\"(max-width: 800px) 100vw, 1000px\" \/><\/span><\/div><div class=\"fusion-text fusion-text-7\"><p data-pm-slice=\"1 1 &#091;&#093;\">Die kretische K\u00fcche ist ein Highlight f\u00fcr sich und geh\u00f6rt zu den abwechslungsreichsten und genussvollsten der mediterranen K\u00fcche. Frische Zutaten wie reifes Gem\u00fcse, aromatische Kr\u00e4uter, regional produziertes Oliven\u00f6l und zarter Honig sind die Grundlage f\u00fcr die meisten Gerichte. Die lokalen Produzenten legen gro\u00dfen Wert auf Qualit\u00e4t und Nachhaltigkeit, was sich in jedem Bissen widerspiegelt.<\/p>\n<p>Ein Gericht, das mich besonders begeistert hat, war Dakos, ein traditioneller Salat aus Gerstenzwieback, der mit saftigen Tomaten, mildem Feta und einer Prise Oregano serviert wird. Der Kontrast zwischen den knackigen Zutaten und dem weichen Feta machte diese Vorspeise zu einem perfekten Einstieg in die kretische Esskultur. Auch Moussaka, ein beliebtes Auflaufgericht aus Auberginen, Hackfleisch und einer cremigen B\u00e9chamelsauce, war ein Genuss und spiegelte die herzhaften Aromen der Insel wider.<\/p>\n<p>Ein besonderes Erlebnis war ein Abendessen in einem abgelegenen Bergdorf, wo ich traditionelle Gerichte direkt aus dem Holzofen probieren konnte. Das Lamm, das stundenlang schonend gegart wurde, zerging regelrecht auf der Zunge. Dazu gab es frisches Brot, kretischen Joghurt mit Honig und Raki, einen traditionellen Anisschnaps, der oft nach den Mahlzeiten serviert wird.<\/p>\n<p>Auch die kretischen Desserts sind eine Erw\u00e4hnung wert. Bougatsa, ein Bl\u00e4tterteiggeb\u00e4ck mit einer F\u00fcllung aus s\u00fc\u00dfem Gries oder K\u00e4se, war ein unvergleichliches Geschmackserlebnis. Zusammen mit einer Tasse griechischen Kaffees wurde jede Mahlzeit zu einem Fest der Sinne. Egal, ob in einer traditionellen Taverne am Meer oder in einem kleinen, familiengef\u00fchrten Restaurant in den Bergen \u2013 die kretische K\u00fcche hat mich immer wieder aufs Neue begeistert.<\/p>\n<\/div><div class=\"fusion-title title fusion-title-8 fusion-sep-none fusion-title-text fusion-title-size-four\" style=\"--awb-margin-top-small:30px;\"><h4 class=\"fusion-title-heading title-heading-left\" style=\"margin:0;\"><h4 data-pm-slice=\"1 1 &#091;&#093;\"><strong>Kreta mit airmarini.com erleben<\/strong><\/h4><\/h4><\/div><div class=\"fusion-text fusion-text-8\"><p data-pm-slice=\"1 1 &#091;&#093;\">Kreta ist eine Insel, die alles bietet: atemberaubende Str\u00e4nde, faszinierende Geschichte und eine beeindruckende Natur. Dank der einfachen und flexiblen Planung mit airmarini.com konnte ich die Vielseitigkeit dieser Insel in vollen Z\u00fcgen genie\u00dfen. Ob du die antiken St\u00e4tten erkunden, durch die Schluchten wandern oder einfach nur an den paradiesischen Str\u00e4nden entspannen m\u00f6chtest \u2013 Kreta hat f\u00fcr jeden etwas zu bieten.<\/p>\n<p>Buche deinen Traumurlaub mit airmarini.com und lass dich von der Magie Kretas verzaubern. Es wird eine Reise, die du nie vergessen wirst.<\/p>\n<\/div><\/div><\/div><\/div><\/div><div class=\"fusion-fullwidth fullwidth-box fusion-builder-row-2 fusion-flex-container has-pattern-background has-mask-background nonhundred-percent-fullwidth non-hundred-percent-height-scrolling\" style=\"--awb-border-radius-top-left:0px;--awb-border-radius-top-right:0px;--awb-border-radius-bottom-right:0px;--awb-border-radius-bottom-left:0px;--awb-padding-top:0px;--awb-padding-right:20px;--awb-padding-bottom:0px;--awb-padding-left:20px;--awb-flex-wrap:wrap;\" ><div class=\"fusion-builder-row fusion-row fusion-flex-align-items-flex-start fusion-flex-content-wrap\" style=\"max-width:1291.5px;margin-left: calc(-5% \/ 2 );margin-right: calc(-5% \/ 2 );\"><div class=\"fusion-layout-column fusion_builder_column fusion-builder-column-1 fusion_builder_column_1_1 1_1 fusion-flex-column\" style=\"--awb-bg-size:cover;--awb-width-large:100%;--awb-margin-top-large:0px;--awb-spacing-right-large:0px;--awb-margin-bottom-large:0px;--awb-spacing-left-large:0px;--awb-width-medium:100%;--awb-order-medium:0;--awb-spacing-right-medium:0px;--awb-spacing-left-medium:0px;--awb-width-small:100%;--awb-order-small:0;--awb-spacing-right-small:2.375%;--awb-spacing-left-small:2.375%;\" data-scroll-devices=\"small-visibility,medium-visibility,large-visibility\"><div class=\"fusion-column-wrapper fusion-column-has-shadow fusion-flex-justify-content-flex-start fusion-content-layout-column\"><div class=\"fusion-title title fusion-title-9 fusion-sep-none fusion-title-text fusion-title-size-four\" style=\"--awb-margin-top:35px;--awb-margin-top-small:30px;\"><h4 class=\"fusion-title-heading title-heading-left\" style=\"margin:0;\"><h3 data-pm-slice=\"1 1 &#091;&#093;\"><strong>Alle Angebote auf einen Blick<\/strong><\/h3><\/h4><\/div><div class=\"fusion-text fusion-text-9\"><p><strong>Pauschalreisen<\/strong> sind die entspannteste Art, einen <strong>Urlaub auf Kreta <\/strong>zu planen, denn da habt ihr Fl\u00fcge, Transfers\u00a0und Hotel bereits inkludiert. Wenn ihr gerne mehrere Unterk\u00fcnfte buchen wollt, dann bietet sich unsere <strong>Hotelsuche<\/strong> an.<\/p>\n<\/div><div class=\"fusion-builder-row fusion-builder-row-inner fusion-row fusion-flex-align-items-flex-start fusion-flex-content-wrap\" style=\"width:105% !important;max-width:105% !important;margin-left: calc(-5% \/ 2 );margin-right: calc(-5% \/ 2 );\"><div class=\"fusion-layout-column fusion_builder_column_inner fusion-builder-nested-column-0 fusion_builder_column_inner_1_2 1_2 fusion-flex-column\" style=\"--awb-bg-size:cover;--awb-width-large:50%;--awb-margin-top-large:0px;--awb-spacing-right-large:4.75%;--awb-margin-bottom-large:0px;--awb-spacing-left-large:4.75%;--awb-width-medium:50%;--awb-order-medium:0;--awb-spacing-right-medium:4.75%;--awb-spacing-left-medium:4.75%;--awb-width-small:100%;--awb-order-small:0;--awb-spacing-right-small:2.375%;--awb-spacing-left-small:2.375%;\"><div class=\"fusion-column-wrapper fusion-column-has-shadow fusion-flex-justify-content-flex-start fusion-content-layout-column\"><div style=\"text-align:left;\"><a class=\"fusion-button button-flat fusion-button-default-size button-default fusion-button-default button-1 fusion-button-default-span fusion-button-default-type\" target=\"_blank\" rel=\"noopener noreferrer\" title=\"Pauschalreisen ansehen\" aria-label=\"Pauschalreisen ansehen\" href=\"https:\/\/airmarini.com\/reisen\/pauschalreisen.html?action=search&amp;agent=993182&amp;language=de&amp;departures=&amp;regionId=46&amp;from=30&amp;to=70&amp;duration=7-7&amp;adults=2&amp;child1=&amp;child2=&amp;child3=&amp;category=1\"><i class=\"fa-chevron-right fas button-icon-left\" aria-hidden=\"true\"><\/i><span class=\"fusion-button-text\">Pauschalreisen ansehen<\/span><\/a><\/div><\/div><\/div><div class=\"fusion-layout-column fusion_builder_column_inner fusion-builder-nested-column-1 fusion_builder_column_inner_1_2 1_2 fusion-flex-column\" style=\"--awb-bg-size:cover;--awb-width-large:50%;--awb-margin-top-large:0px;--awb-spacing-right-large:4.75%;--awb-margin-bottom-large:0px;--awb-spacing-left-large:4.75%;--awb-width-medium:50%;--awb-order-medium:0;--awb-spacing-right-medium:4.75%;--awb-spacing-left-medium:4.75%;--awb-width-small:100%;--awb-order-small:0;--awb-spacing-right-small:2.375%;--awb-spacing-left-small:2.375%;\"><div class=\"fusion-column-wrapper fusion-column-has-shadow fusion-flex-justify-content-flex-start fusion-content-layout-column\"><div style=\"text-align:left;\"><a class=\"fusion-button button-flat fusion-button-default-size button-default fusion-button-default button-2 fusion-button-default-span fusion-button-default-type\" target=\"_blank\" rel=\"noopener noreferrer\" title=\"Nur nach Hotels ohne Flug st\u00f6bern\" aria-label=\"Nur nach Hotels ohne Flug st\u00f6bern\" href=\"https:\/\/airmarini.com\/hotel\/hotelpreisvergleich.html?action=search&amp;agent=993182&amp;mask=hotel&amp;language=de&amp;regionId=46&amp;from=15&amp;to=45&amp;duration=7-7&amp;adults=2&amp;child1=&amp;child2=&amp;child3=&amp;category=1\"><i class=\"fa-chevron-right fas button-icon-left\" aria-hidden=\"true\"><\/i><span class=\"fusion-button-text\">Nur nach Hotels ohne Flug st\u00f6bern<\/span><\/a><\/div><\/div><\/div><\/div><\/div><\/div><\/div><\/div><\/p>\n","protected":false},"excerpt":{"rendered":"<p>Entdecke Kreta mit airmarini.com: Dein Tor zu Sonne, Kultur und Abenteuer<\/p>\n","protected":false},"author":1,"featured_media":2553,"comment_status":"closed","ping_status":"closed","sticky":false,"template":"","format":"standard","meta":{"_acf_changed":false,"_monsterinsights_skip_tracking":false,"_monsterinsights_sitenote_active":false,"_monsterinsights_sitenote_note":"","_monsterinsights_sitenote_category":0,"footnotes":""},"categories":[79],"tags":[96,106,65],"class_list":["post-2551","post","type-post","status-publish","format-standard","has-post-thumbnail","hentry","category-griechenland","tag-europa","tag-griechenland","tag-urlaub"],"acf":[],"yoast_head":"<!-- This site is optimized with the Yoast SEO Premium plugin v24.9 (Yoast SEO v27.5) - https:\/\/yoast.com\/product\/yoast-seo-premium-wordpress\/ -->\n<title>Kreta: Geschichte, Kultur und nat\u00fcrliche Sch\u00f6nheit<\/title>\n<meta name=\"description\" content=\"Entdecken Sie Kreta - eine Insel voller Geschichte, Kultur und nat\u00fcrlicher Sch\u00f6nheit. Planen Sie Ihre individuelle Reise auf airmarini.com.\" \/>\n<meta name=\"robots\" content=\"index, follow, max-snippet:-1, max-image-preview:large, max-video-preview:-1\" \/>\n<link rel=\"canonical\" href=\"https:\/\/airmarini.com\/reisemagazin\/urlaub\/griechenland\/urlaub-auf-kreta-ein-strandurlaub-mit-kultur\/\" \/>\n<meta property=\"og:locale\" content=\"de_DE\" \/>\n<meta property=\"og:type\" content=\"article\" \/>\n<meta property=\"og:title\" content=\"Urlaub auf Kreta ein Strandurlaub mit Kultur\" \/>\n<meta property=\"og:description\" content=\"Entdecken Sie Kreta - eine Insel voller Geschichte, Kultur und nat\u00fcrlicher Sch\u00f6nheit. Planen Sie Ihre individuelle Reise auf airmarini.com.\" \/>\n<meta property=\"og:url\" content=\"https:\/\/airmarini.com\/reisemagazin\/urlaub\/griechenland\/urlaub-auf-kreta-ein-strandurlaub-mit-kultur\/\" \/>\n<meta property=\"og:site_name\" content=\"Air Marini Reisemagazin\" \/>\n<meta property=\"article:publisher\" content=\"https:\/\/www.facebook.com\/airmarini\/\" \/>\n<meta property=\"article:published_time\" content=\"2025-01-23T11:45:43+00:00\" \/>\n<meta property=\"article:modified_time\" content=\"2025-01-31T14:28:48+00:00\" \/>\n<meta property=\"og:image\" content=\"https:\/\/airmarini.com\/reisemagazin\/wp-content\/uploads\/2025\/01\/Insel-Kreta.jpg\" \/>\n\t<meta property=\"og:image:width\" content=\"1000\" \/>\n\t<meta property=\"og:image:height\" content=\"667\" \/>\n\t<meta property=\"og:image:type\" content=\"image\/jpeg\" \/>\n<meta name=\"author\" content=\"Air Marini\" \/>\n<meta name=\"twitter:card\" content=\"summary_large_image\" \/>\n<meta name=\"twitter:label1\" content=\"Verfasst von\" \/>\n\t<meta name=\"twitter:data1\" content=\"Air Marini\" \/>\n\t<meta name=\"twitter:label2\" content=\"Gesch\u00e4tzte Lesezeit\" \/>\n\t<meta name=\"twitter:data2\" content=\"8\u00a0Minuten\" \/>\n<script type=\"application\/ld+json\" class=\"yoast-schema-graph\">{\"@context\":\"https:\\\/\\\/schema.org\",\"@graph\":[{\"@type\":\"Article\",\"@id\":\"https:\\\/\\\/airmarini.com\\\/reisemagazin\\\/urlaub\\\/griechenland\\\/urlaub-auf-kreta-ein-strandurlaub-mit-kultur\\\/#article\",\"isPartOf\":{\"@id\":\"https:\\\/\\\/airmarini.com\\\/reisemagazin\\\/urlaub\\\/griechenland\\\/urlaub-auf-kreta-ein-strandurlaub-mit-kultur\\\/\"},\"author\":{\"name\":\"Air Marini\",\"@id\":\"https:\\\/\\\/airmarini.com\\\/reisemagazin\\\/#\\\/schema\\\/person\\\/1ebad980dc75a8442f846bb99f1d189b\"},\"headline\":\"Urlaub auf Kreta ein Strandurlaub mit Kultur\",\"datePublished\":\"2025-01-23T11:45:43+00:00\",\"dateModified\":\"2025-01-31T14:28:48+00:00\",\"mainEntityOfPage\":{\"@id\":\"https:\\\/\\\/airmarini.com\\\/reisemagazin\\\/urlaub\\\/griechenland\\\/urlaub-auf-kreta-ein-strandurlaub-mit-kultur\\\/\"},\"wordCount\":8531,\"publisher\":{\"@id\":\"https:\\\/\\\/airmarini.com\\\/reisemagazin\\\/#organization\"},\"image\":{\"@id\":\"https:\\\/\\\/airmarini.com\\\/reisemagazin\\\/urlaub\\\/griechenland\\\/urlaub-auf-kreta-ein-strandurlaub-mit-kultur\\\/#primaryimage\"},\"thumbnailUrl\":\"https:\\\/\\\/airmarini.com\\\/reisemagazin\\\/wp-content\\\/uploads\\\/2025\\\/01\\\/Insel-Kreta.jpg\",\"keywords\":[\"Europa\",\"Griechenland\",\"Urlaub\"],\"articleSection\":[\"Griechenland\"],\"inLanguage\":\"de\"},{\"@type\":\"WebPage\",\"@id\":\"https:\\\/\\\/airmarini.com\\\/reisemagazin\\\/urlaub\\\/griechenland\\\/urlaub-auf-kreta-ein-strandurlaub-mit-kultur\\\/\",\"url\":\"https:\\\/\\\/airmarini.com\\\/reisemagazin\\\/urlaub\\\/griechenland\\\/urlaub-auf-kreta-ein-strandurlaub-mit-kultur\\\/\",\"name\":\"Kreta: Geschichte, Kultur und nat\u00fcrliche Sch\u00f6nheit\",\"isPartOf\":{\"@id\":\"https:\\\/\\\/airmarini.com\\\/reisemagazin\\\/#website\"},\"primaryImageOfPage\":{\"@id\":\"https:\\\/\\\/airmarini.com\\\/reisemagazin\\\/urlaub\\\/griechenland\\\/urlaub-auf-kreta-ein-strandurlaub-mit-kultur\\\/#primaryimage\"},\"image\":{\"@id\":\"https:\\\/\\\/airmarini.com\\\/reisemagazin\\\/urlaub\\\/griechenland\\\/urlaub-auf-kreta-ein-strandurlaub-mit-kultur\\\/#primaryimage\"},\"thumbnailUrl\":\"https:\\\/\\\/airmarini.com\\\/reisemagazin\\\/wp-content\\\/uploads\\\/2025\\\/01\\\/Insel-Kreta.jpg\",\"datePublished\":\"2025-01-23T11:45:43+00:00\",\"dateModified\":\"2025-01-31T14:28:48+00:00\",\"description\":\"Entdecken Sie Kreta - eine Insel voller Geschichte, Kultur und nat\u00fcrlicher Sch\u00f6nheit. Planen Sie Ihre individuelle Reise auf airmarini.com.\",\"breadcrumb\":{\"@id\":\"https:\\\/\\\/airmarini.com\\\/reisemagazin\\\/urlaub\\\/griechenland\\\/urlaub-auf-kreta-ein-strandurlaub-mit-kultur\\\/#breadcrumb\"},\"inLanguage\":\"de\",\"potentialAction\":[{\"@type\":\"ReadAction\",\"target\":[\"https:\\\/\\\/airmarini.com\\\/reisemagazin\\\/urlaub\\\/griechenland\\\/urlaub-auf-kreta-ein-strandurlaub-mit-kultur\\\/\"]}]},{\"@type\":\"ImageObject\",\"inLanguage\":\"de\",\"@id\":\"https:\\\/\\\/airmarini.com\\\/reisemagazin\\\/urlaub\\\/griechenland\\\/urlaub-auf-kreta-ein-strandurlaub-mit-kultur\\\/#primaryimage\",\"url\":\"https:\\\/\\\/airmarini.com\\\/reisemagazin\\\/wp-content\\\/uploads\\\/2025\\\/01\\\/Insel-Kreta.jpg\",\"contentUrl\":\"https:\\\/\\\/airmarini.com\\\/reisemagazin\\\/wp-content\\\/uploads\\\/2025\\\/01\\\/Insel-Kreta.jpg\",\"width\":1000,\"height\":667,\"caption\":\"Insel Kreta\"},{\"@type\":\"BreadcrumbList\",\"@id\":\"https:\\\/\\\/airmarini.com\\\/reisemagazin\\\/urlaub\\\/griechenland\\\/urlaub-auf-kreta-ein-strandurlaub-mit-kultur\\\/#breadcrumb\",\"itemListElement\":[{\"@type\":\"ListItem\",\"position\":1,\"name\":\"Startseite\",\"item\":\"https:\\\/\\\/airmarini.com\\\/reisemagazin\\\/\"},{\"@type\":\"ListItem\",\"position\":2,\"name\":\"Urlaub auf Kreta ein Strandurlaub mit Kultur\"}]},{\"@type\":\"WebSite\",\"@id\":\"https:\\\/\\\/airmarini.com\\\/reisemagazin\\\/#website\",\"url\":\"https:\\\/\\\/airmarini.com\\\/reisemagazin\\\/\",\"name\":\"Air Marini Reisemagazin\",\"description\":\"Neueste Reisetrends von Airmarini.com\",\"publisher\":{\"@id\":\"https:\\\/\\\/airmarini.com\\\/reisemagazin\\\/#organization\"},\"potentialAction\":[{\"@type\":\"SearchAction\",\"target\":{\"@type\":\"EntryPoint\",\"urlTemplate\":\"https:\\\/\\\/airmarini.com\\\/reisemagazin\\\/?s={search_term_string}\"},\"query-input\":{\"@type\":\"PropertyValueSpecification\",\"valueRequired\":true,\"valueName\":\"search_term_string\"}}],\"inLanguage\":\"de\"},{\"@type\":\"Organization\",\"@id\":\"https:\\\/\\\/airmarini.com\\\/reisemagazin\\\/#organization\",\"name\":\"Air Marini Reisemagazin\",\"url\":\"https:\\\/\\\/airmarini.com\\\/reisemagazin\\\/\",\"logo\":{\"@type\":\"ImageObject\",\"inLanguage\":\"de\",\"@id\":\"https:\\\/\\\/airmarini.com\\\/reisemagazin\\\/#\\\/schema\\\/logo\\\/image\\\/\",\"url\":\"https:\\\/\\\/airmarini.com\\\/reisemagazin\\\/wp-content\\\/uploads\\\/2025\\\/01\\\/Air-Marini-Logo-50-1.png\",\"contentUrl\":\"https:\\\/\\\/airmarini.com\\\/reisemagazin\\\/wp-content\\\/uploads\\\/2025\\\/01\\\/Air-Marini-Logo-50-1.png\",\"width\":229,\"height\":50,\"caption\":\"Air Marini Reisemagazin\"},\"image\":{\"@id\":\"https:\\\/\\\/airmarini.com\\\/reisemagazin\\\/#\\\/schema\\\/logo\\\/image\\\/\"},\"sameAs\":[\"https:\\\/\\\/www.facebook.com\\\/airmarini\\\/\"]},{\"@type\":\"Person\",\"@id\":\"https:\\\/\\\/airmarini.com\\\/reisemagazin\\\/#\\\/schema\\\/person\\\/1ebad980dc75a8442f846bb99f1d189b\",\"name\":\"Air Marini\",\"image\":{\"@type\":\"ImageObject\",\"inLanguage\":\"de\",\"@id\":\"https:\\\/\\\/secure.gravatar.com\\\/avatar\\\/03766614f39e3019846c050ba0960d0269ce8018fd4ca0db1592629e48e35255?s=96&d=blank&r=g\",\"url\":\"https:\\\/\\\/secure.gravatar.com\\\/avatar\\\/03766614f39e3019846c050ba0960d0269ce8018fd4ca0db1592629e48e35255?s=96&d=blank&r=g\",\"contentUrl\":\"https:\\\/\\\/secure.gravatar.com\\\/avatar\\\/03766614f39e3019846c050ba0960d0269ce8018fd4ca0db1592629e48e35255?s=96&d=blank&r=g\",\"caption\":\"Air Marini\"},\"sameAs\":[\"https:\\\/\\\/airmarini.com\\\/reisemagazin\"],\"url\":\"https:\\\/\\\/airmarini.com\\\/reisemagazin\\\/author\\\/marini\\\/\"}]}<\/script>\n<!-- \/ Yoast SEO Premium plugin. -->","yoast_head_json":{"title":"Kreta: Geschichte, Kultur und nat\u00fcrliche Sch\u00f6nheit","description":"Entdecken Sie Kreta - eine Insel voller Geschichte, Kultur und nat\u00fcrlicher Sch\u00f6nheit. Planen Sie Ihre individuelle Reise auf airmarini.com.","robots":{"index":"index","follow":"follow","max-snippet":"max-snippet:-1","max-image-preview":"max-image-preview:large","max-video-preview":"max-video-preview:-1"},"canonical":"https:\/\/airmarini.com\/reisemagazin\/urlaub\/griechenland\/urlaub-auf-kreta-ein-strandurlaub-mit-kultur\/","og_locale":"de_DE","og_type":"article","og_title":"Urlaub auf Kreta ein Strandurlaub mit Kultur","og_description":"Entdecken Sie Kreta - eine Insel voller Geschichte, Kultur und nat\u00fcrlicher Sch\u00f6nheit. Planen Sie Ihre individuelle Reise auf airmarini.com.","og_url":"https:\/\/airmarini.com\/reisemagazin\/urlaub\/griechenland\/urlaub-auf-kreta-ein-strandurlaub-mit-kultur\/","og_site_name":"Air Marini Reisemagazin","article_publisher":"https:\/\/www.facebook.com\/airmarini\/","article_published_time":"2025-01-23T11:45:43+00:00","article_modified_time":"2025-01-31T14:28:48+00:00","og_image":[{"width":1000,"height":667,"url":"https:\/\/airmarini.com\/reisemagazin\/wp-content\/uploads\/2025\/01\/Insel-Kreta.jpg","type":"image\/jpeg"}],"author":"Air Marini","twitter_card":"summary_large_image","twitter_misc":{"Verfasst von":"Air Marini","Gesch\u00e4tzte Lesezeit":"8\u00a0Minuten"},"schema":{"@context":"https:\/\/schema.org","@graph":[{"@type":"Article","@id":"https:\/\/airmarini.com\/reisemagazin\/urlaub\/griechenland\/urlaub-auf-kreta-ein-strandurlaub-mit-kultur\/#article","isPartOf":{"@id":"https:\/\/airmarini.com\/reisemagazin\/urlaub\/griechenland\/urlaub-auf-kreta-ein-strandurlaub-mit-kultur\/"},"author":{"name":"Air Marini","@id":"https:\/\/airmarini.com\/reisemagazin\/#\/schema\/person\/1ebad980dc75a8442f846bb99f1d189b"},"headline":"Urlaub auf Kreta ein Strandurlaub mit Kultur","datePublished":"2025-01-23T11:45:43+00:00","dateModified":"2025-01-31T14:28:48+00:00","mainEntityOfPage":{"@id":"https:\/\/airmarini.com\/reisemagazin\/urlaub\/griechenland\/urlaub-auf-kreta-ein-strandurlaub-mit-kultur\/"},"wordCount":8531,"publisher":{"@id":"https:\/\/airmarini.com\/reisemagazin\/#organization"},"image":{"@id":"https:\/\/airmarini.com\/reisemagazin\/urlaub\/griechenland\/urlaub-auf-kreta-ein-strandurlaub-mit-kultur\/#primaryimage"},"thumbnailUrl":"https:\/\/airmarini.com\/reisemagazin\/wp-content\/uploads\/2025\/01\/Insel-Kreta.jpg","keywords":["Europa","Griechenland","Urlaub"],"articleSection":["Griechenland"],"inLanguage":"de"},{"@type":"WebPage","@id":"https:\/\/airmarini.com\/reisemagazin\/urlaub\/griechenland\/urlaub-auf-kreta-ein-strandurlaub-mit-kultur\/","url":"https:\/\/airmarini.com\/reisemagazin\/urlaub\/griechenland\/urlaub-auf-kreta-ein-strandurlaub-mit-kultur\/","name":"Kreta: Geschichte, Kultur und nat\u00fcrliche Sch\u00f6nheit","isPartOf":{"@id":"https:\/\/airmarini.com\/reisemagazin\/#website"},"primaryImageOfPage":{"@id":"https:\/\/airmarini.com\/reisemagazin\/urlaub\/griechenland\/urlaub-auf-kreta-ein-strandurlaub-mit-kultur\/#primaryimage"},"image":{"@id":"https:\/\/airmarini.com\/reisemagazin\/urlaub\/griechenland\/urlaub-auf-kreta-ein-strandurlaub-mit-kultur\/#primaryimage"},"thumbnailUrl":"https:\/\/airmarini.com\/reisemagazin\/wp-content\/uploads\/2025\/01\/Insel-Kreta.jpg","datePublished":"2025-01-23T11:45:43+00:00","dateModified":"2025-01-31T14:28:48+00:00","description":"Entdecken Sie Kreta - eine Insel voller Geschichte, Kultur und nat\u00fcrlicher Sch\u00f6nheit. Planen Sie Ihre individuelle Reise auf airmarini.com.","breadcrumb":{"@id":"https:\/\/airmarini.com\/reisemagazin\/urlaub\/griechenland\/urlaub-auf-kreta-ein-strandurlaub-mit-kultur\/#breadcrumb"},"inLanguage":"de","potentialAction":[{"@type":"ReadAction","target":["https:\/\/airmarini.com\/reisemagazin\/urlaub\/griechenland\/urlaub-auf-kreta-ein-strandurlaub-mit-kultur\/"]}]},{"@type":"ImageObject","inLanguage":"de","@id":"https:\/\/airmarini.com\/reisemagazin\/urlaub\/griechenland\/urlaub-auf-kreta-ein-strandurlaub-mit-kultur\/#primaryimage","url":"https:\/\/airmarini.com\/reisemagazin\/wp-content\/uploads\/2025\/01\/Insel-Kreta.jpg","contentUrl":"https:\/\/airmarini.com\/reisemagazin\/wp-content\/uploads\/2025\/01\/Insel-Kreta.jpg","width":1000,"height":667,"caption":"Insel Kreta"},{"@type":"BreadcrumbList","@id":"https:\/\/airmarini.com\/reisemagazin\/urlaub\/griechenland\/urlaub-auf-kreta-ein-strandurlaub-mit-kultur\/#breadcrumb","itemListElement":[{"@type":"ListItem","position":1,"name":"Startseite","item":"https:\/\/airmarini.com\/reisemagazin\/"},{"@type":"ListItem","position":2,"name":"Urlaub auf Kreta ein Strandurlaub mit Kultur"}]},{"@type":"WebSite","@id":"https:\/\/airmarini.com\/reisemagazin\/#website","url":"https:\/\/airmarini.com\/reisemagazin\/","name":"Air Marini Reisemagazin","description":"Neueste Reisetrends von Airmarini.com","publisher":{"@id":"https:\/\/airmarini.com\/reisemagazin\/#organization"},"potentialAction":[{"@type":"SearchAction","target":{"@type":"EntryPoint","urlTemplate":"https:\/\/airmarini.com\/reisemagazin\/?s={search_term_string}"},"query-input":{"@type":"PropertyValueSpecification","valueRequired":true,"valueName":"search_term_string"}}],"inLanguage":"de"},{"@type":"Organization","@id":"https:\/\/airmarini.com\/reisemagazin\/#organization","name":"Air Marini Reisemagazin","url":"https:\/\/airmarini.com\/reisemagazin\/","logo":{"@type":"ImageObject","inLanguage":"de","@id":"https:\/\/airmarini.com\/reisemagazin\/#\/schema\/logo\/image\/","url":"https:\/\/airmarini.com\/reisemagazin\/wp-content\/uploads\/2025\/01\/Air-Marini-Logo-50-1.png","contentUrl":"https:\/\/airmarini.com\/reisemagazin\/wp-content\/uploads\/2025\/01\/Air-Marini-Logo-50-1.png","width":229,"height":50,"caption":"Air Marini Reisemagazin"},"image":{"@id":"https:\/\/airmarini.com\/reisemagazin\/#\/schema\/logo\/image\/"},"sameAs":["https:\/\/www.facebook.com\/airmarini\/"]},{"@type":"Person","@id":"https:\/\/airmarini.com\/reisemagazin\/#\/schema\/person\/1ebad980dc75a8442f846bb99f1d189b","name":"Air Marini","image":{"@type":"ImageObject","inLanguage":"de","@id":"https:\/\/secure.gravatar.com\/avatar\/03766614f39e3019846c050ba0960d0269ce8018fd4ca0db1592629e48e35255?s=96&d=blank&r=g","url":"https:\/\/secure.gravatar.com\/avatar\/03766614f39e3019846c050ba0960d0269ce8018fd4ca0db1592629e48e35255?s=96&d=blank&r=g","contentUrl":"https:\/\/secure.gravatar.com\/avatar\/03766614f39e3019846c050ba0960d0269ce8018fd4ca0db1592629e48e35255?s=96&d=blank&r=g","caption":"Air Marini"},"sameAs":["https:\/\/airmarini.com\/reisemagazin"],"url":"https:\/\/airmarini.com\/reisemagazin\/author\/marini\/"}]}},"_links":{"self":[{"href":"https:\/\/airmarini.com\/reisemagazin\/wp-json\/wp\/v2\/posts\/2551","targetHints":{"allow":["GET"]}}],"collection":[{"href":"https:\/\/airmarini.com\/reisemagazin\/wp-json\/wp\/v2\/posts"}],"about":[{"href":"https:\/\/airmarini.com\/reisemagazin\/wp-json\/wp\/v2\/types\/post"}],"author":[{"embeddable":true,"href":"https:\/\/airmarini.com\/reisemagazin\/wp-json\/wp\/v2\/users\/1"}],"replies":[{"embeddable":true,"href":"https:\/\/airmarini.com\/reisemagazin\/wp-json\/wp\/v2\/comments?post=2551"}],"version-history":[{"count":4,"href":"https:\/\/airmarini.com\/reisemagazin\/wp-json\/wp\/v2\/posts\/2551\/revisions"}],"predecessor-version":[{"id":2562,"href":"https:\/\/airmarini.com\/reisemagazin\/wp-json\/wp\/v2\/posts\/2551\/revisions\/2562"}],"wp:featuredmedia":[{"embeddable":true,"href":"https:\/\/airmarini.com\/reisemagazin\/wp-json\/wp\/v2\/media\/2553"}],"wp:attachment":[{"href":"https:\/\/airmarini.com\/reisemagazin\/wp-json\/wp\/v2\/media?parent=2551"}],"wp:term":[{"taxonomy":"category","embeddable":true,"href":"https:\/\/airmarini.com\/reisemagazin\/wp-json\/wp\/v2\/categories?post=2551"},{"taxonomy":"post_tag","embeddable":true,"href":"https:\/\/airmarini.com\/reisemagazin\/wp-json\/wp\/v2\/tags?post=2551"}],"curies":[{"name":"wp","href":"https:\/\/api.w.org\/{rel}","templated":true}]}}